{"id":6900,"date":"2024-07-02T13:19:11","date_gmt":"2024-07-02T10:19:11","guid":{"rendered":"https:\/\/tvrc.lt\/rezidento-uzrasai\/"},"modified":"2024-07-02T13:21:38","modified_gmt":"2024-07-02T10:21:38","slug":"rezidento-uzrasai","status":"publish","type":"post","link":"https:\/\/tvrc.lt\/en\/rezidento-uzrasai\/","title":{"rendered":"#Rezidento u\u017era\u0161ai"},"content":{"rendered":"<p>[et_pb_section fb_built=&#8221;1&#8243; admin_label=&#8221;section&#8221; _builder_version=&#8221;4.16&#8243; global_colors_info=&#8221;{}&#8221;][et_pb_row admin_label=&#8221;row&#8221; _builder_version=&#8221;4.16&#8243; background_size=&#8221;initial&#8221; background_position=&#8221;top_left&#8221; background_repeat=&#8221;repeat&#8221; global_colors_info=&#8221;{}&#8221;][et_pb_column type=&#8221;4_4&#8243; _builder_version=&#8221;4.16&#8243; custom_padding=&#8221;|||&#8221; global_colors_info=&#8221;{}&#8221; custom_padding__hover=&#8221;|||&#8221;][et_pb_text _builder_version=&#8221;4.20.2&#8243; _module_preset=&#8221;default&#8221; hover_enabled=&#8221;0&#8243; global_colors_info=&#8221;{}&#8221; sticky_enabled=&#8221;0&#8243;]<\/p>\n<p>Projekto &#8220;Artist Residencies&#8221; stipendijas pavasar\u012f reziduoti Tarptautiniame vert\u0117j\u0173 ir ra\u0161ytoj\u0173 centre laim\u0117jusios vert\u0117jos i\u0161 Estijos, Maria Esko ir Maarja P\u00e4rtna, jau beveik \u012fpus\u0117jo savo rezidencijos laik\u0105 Nidoje. Rezident\u0117s ne tik produktyviai dirba savo u\u017esibr\u0117\u017etus k\u016brybinius darbus, ta\u010diau ir aktyviai susipa\u017e\u012fsta su Neringa, Klaip\u0117da ir bibliotekos gyvenimu.<\/p>\n<p>Per pirm\u0105sias rezidencijos savaites vert\u0117jos palengva jaukinosi nenusp\u0117jam\u0105 Nidos or\u0105 ir gamt\u0105, dalyvavo Neringos mi\u0161ko architekt\u016bros ekskursijoje, lank\u0117si Juodkrant\u0117je. Taip pat, jau sp\u0117jo apsilankyti ir m\u016bs\u0173 bibliotekoje, kur susipa\u017eino su biblioteka ir jos veiklomis ekskursijos metu, susitiko su darbuotojais, bei dalyvavo Muzikiniame ketvirtadienyje Audiotekoje.<\/p>\n<p>K\u016br\u0117jos savo \u012fsp\u016bd\u017eiais apie rezidencij\u0105 dalinsis tekst\u0173 (angl\u0173 kalba) serijoje Rezidento u\u017era\u0161ai (Resident&#8217;s Notes). Pirm\u0105j\u0105 dal\u012f rasite \u010dia:<\/p>\n<p><a href=\"https:\/\/tvrc.lt\/en\/residents-notes-maria-esko\/\">#Resident&#8217;s Notes &#8211; Maria Esko<\/a><\/p>\n<p><a href=\"https:\/\/tvrc.lt\/en\/residents-notes-maarja-partna\/\">#Resident&#8217;s Notes &#8211; Maarja P\u00e4rtna<\/a><\/p>\n<p>Kvie\u010diame skaityti, susipa\u017einti ir apsilankyti bibliotekos renginiuose, kur gal\u0117site gyvai i\u0161girsti i\u0161 pa\u010di\u0173 reziden\u010di\u0173 apie j\u0173 \u012fsp\u016bd\u017eius, veiklas ir k\u016bryb\u0105.<\/p>\n<p>&nbsp;<\/p>\n<p>Projektas \u201cArtist Residencies\u201d finansuojamas \u0160iaur\u0117s ministr\u0173 tarybos.<\/p>\n<p>&nbsp;<\/p>\n<p>[\/et_pb_text][et_pb_gallery gallery_ids=&#8221;5511,5507,5509,5571,5580,5517,5515,5391,5549,5584,5527,5523&#8243; posts_number=&#8221;16&#8243; show_title_and_caption=&#8221;off&#8221; show_pagination=&#8221;off&#8221; _builder_version=&#8221;4.20.2&#8243; _module_preset=&#8221;default&#8221; global_colors_info=&#8221;{}&#8221;][\/et_pb_gallery][\/et_pb_column][\/et_pb_row][\/et_pb_section]<\/p>\n","protected":false},"excerpt":{"rendered":"<p>Projekto &#8220;Artist Residencies&#8221; stipendijas pavasar\u012f reziduoti Tarptautiniame vert\u0117j\u0173 ir ra\u0161ytoj\u0173 centre laim\u0117jusios vert\u0117jos i\u0161 Estijos, Maria Esko ir Maarja P\u00e4rtna, jau beveik \u012fpus\u0117jo savo rezidencijos laik\u0105 Nidoje. Rezident\u0117s ne tik produktyviai dirba savo u\u017esibr\u0117\u017etus k\u016brybinius darbus, ta\u010diau ir aktyviai susipa\u017e\u012fsta su Neringa, Klaip\u0117da ir bibliotekos gyvenimu. Per pirm\u0105sias rezidencijos savaites vert\u0117jos palengva jaukinosi nenusp\u0117jam\u0105 Nidos [&hellip;]<\/p>\n","protected":false},"author":8,"featured_media":5392,"comment_status":"closed","ping_status":"closed","sticky":false,"template":"","format":"standard","meta":{"_et_pb_use_builder":"on","_et_pb_old_content":"","_et_gb_content_width":"","slim_seo":{"title":"#Rezidento u\u017era\u0161ai - TVRC","description":"Projekto \"Artist Residencies\" stipendijas pavasar\u012f reziduoti Tarptautiniame vert\u0117j\u0173 ir ra\u0161ytoj\u0173 centre laim\u0117jusios vert\u0117jos i\u0161 Estijos, Maria Esko ir Maarja P\u00e4r"},"iawp_total_views":6,"footnotes":""},"categories":[59],"tags":[174,211,224],"class_list":["post-6900","post","type-post","status-publish","format-standard","has-post-thumbnail","hentry","category-news-and-events","tag-artist-residencies-en","tag-ictw-en","tag-rezidento-uzrasai-en"],"_links":{"self":[{"href":"https:\/\/tvrc.lt\/en\/wp-json\/wp\/v2\/posts\/6900","targetHints":{"allow":["GET"]}}],"collection":[{"href":"https:\/\/tvrc.lt\/en\/wp-json\/wp\/v2\/posts"}],"about":[{"href":"https:\/\/tvrc.lt\/en\/wp-json\/wp\/v2\/types\/post"}],"author":[{"embeddable":true,"href":"https:\/\/tvrc.lt\/en\/wp-json\/wp\/v2\/users\/8"}],"replies":[{"embeddable":true,"href":"https:\/\/tvrc.lt\/en\/wp-json\/wp\/v2\/comments?post=6900"}],"version-history":[{"count":0,"href":"https:\/\/tvrc.lt\/en\/wp-json\/wp\/v2\/posts\/6900\/revisions"}],"wp:featuredmedia":[{"embeddable":true,"href":"https:\/\/tvrc.lt\/en\/wp-json\/wp\/v2\/media\/5392"}],"wp:attachment":[{"href":"https:\/\/tvrc.lt\/en\/wp-json\/wp\/v2\/media?parent=6900"}],"wp:term":[{"taxonomy":"category","embeddable":true,"href":"https:\/\/tvrc.lt\/en\/wp-json\/wp\/v2\/categories?post=6900"},{"taxonomy":"post_tag","embeddable":true,"href":"https:\/\/tvrc.lt\/en\/wp-json\/wp\/v2\/tags?post=6900"}],"curies":[{"name":"wp","href":"https:\/\/api.w.org\/{rel}","templated":true}]}}