{"id":6920,"date":"2024-07-02T13:25:44","date_gmt":"2024-07-02T10:25:44","guid":{"rendered":"https:\/\/tvrc.lt\/rezidento-penktadienis-kurybai-ikvepianti-nidos-aura\/"},"modified":"2024-07-02T13:25:46","modified_gmt":"2024-07-02T10:25:46","slug":"rezidento-penktadienis-kurybai-ikvepianti-nidos-aura","status":"publish","type":"post","link":"https:\/\/tvrc.lt\/en\/rezidento-penktadienis-kurybai-ikvepianti-nidos-aura\/","title":{"rendered":"Rezidento penktadienis: k\u016brybai \u012fkvepianti Nidos aura"},"content":{"rendered":"<p>[et_pb_section fb_built=&#8221;1&#8243; admin_label=&#8221;section&#8221; _builder_version=&#8221;4.16&#8243; global_colors_info=&#8221;{}&#8221;][et_pb_row admin_label=&#8221;row&#8221; _builder_version=&#8221;4.16&#8243; background_size=&#8221;initial&#8221; background_position=&#8221;top_left&#8221; background_repeat=&#8221;repeat&#8221; global_colors_info=&#8221;{}&#8221;][et_pb_column type=&#8221;4_4&#8243; _builder_version=&#8221;4.16&#8243; custom_padding=&#8221;|||&#8221; global_colors_info=&#8221;{}&#8221; custom_padding__hover=&#8221;|||&#8221;][et_pb_text _builder_version=&#8221;4.19.0&#8243; _module_preset=&#8221;default&#8221; hover_enabled=&#8221;0&#8243; sticky_enabled=&#8221;0&#8243;]<\/p>\n<p>Lapkri\u010dio 11 d. Neringa \u0161vent\u0117 savo gimtadien\u012f ir kviet\u0117 \u012fveikti \u201eKur\u0161i\u0173 nerijos pa\u0161to sto\u010di\u0173 mar\u0161rut\u0105\u201c. Tarptautiniame vert\u0117j\u0173 ir ra\u0161ytoj\u0173 centre \u012fsik\u016br\u0117 atvirlai\u0161ki\u0173 k\u016brimo dirbtuv\u0117s, kuri\u0173 metu edukator\u0117 Valdemara Butkevi\u010dien\u0117 kviet\u0117 dalyvius nupie\u0161ti Nidos aur\u0105. <br \/>Savo \u012fsp\u016bd\u017eiais kaip ir kuo Nida \u012fkvepia dalinosi ir m\u016bs\u0173 rezidentas Lauris Gundars, projekto &#8220;Artist Residencies&#8221; stipendijos laim\u0117tojas. Jis pasid\u017eiaug\u0117, kad Nidoje tvyro tikrai k\u016brybos kupina aura, tod\u0117l suplanuoti rezidencijos darbai vyksta labai skland\u017eiai, o taip pat kyla ir nauj\u0173 id\u0117j\u0173.<\/p>\n<p>Lauris Gundars rezidencija Tarptautiniame vert\u0117j\u0173 ir ra\u0161ytoj\u0173 centre art\u0117ja link pabaigos, tod\u0117l kvie\u010diame \u012f paskutinius susitikimus su juo Klaip\u0117doje:<\/p>\n<p>Lapkri\u010dio 18 d. 17.30 val. Angl\u0173 kalbos klube vyks susitikimas &#8211; diskusija su Lauriu tema &#8220;\u012ekv\u0117pimas&#8221; (Klaip\u0117dos apskrities Ievos Simonaityt\u0117s vie\u0161oji biblioteka, Amerikos skaitykla, H. Manto g. 25, Klaip\u0117da)<\/p>\n<p>Lapkri\u010dio 23 d. 17.30 val. Knyg\u0173 klube Lauris Gundars pristatys vien\u0105 populiariausi\u0173 savo knyg\u0173 &#8220;Dramatica&#8221; ir papasakos kod\u0117l j\u0105 verta perskaityti ne tik teatro profesionalams. (Klaip\u0117dos apskrities Ievos Simonaityt\u0117s vie\u0161oji biblioteka, Amerikos skaitykla, H. Manto g. 25, Klaip\u0117da)<\/p>\n<p>[\/et_pb_text][\/et_pb_column][\/et_pb_row][et_pb_row _builder_version=&#8221;4.19.0&#8243; _module_preset=&#8221;default&#8221; column_structure=&#8221;1_5,1_5,1_5,1_5,1_5&#8243;][et_pb_column _builder_version=&#8221;4.19.0&#8243; _module_preset=&#8221;default&#8221; type=&#8221;1_5&#8243;][et_pb_image _builder_version=&#8221;4.19.0&#8243; _module_preset=&#8221;default&#8221; title_text=&#8221;NMR Logotype CMYK EN BLUE (2)&#8221; src=&#8221;https:\/\/tvrc.lt\/wp-content\/uploads\/2022\/06\/NMR-Logotype-CMYK-EN-BLUE-2.png&#8221; hover_enabled=&#8221;0&#8243; sticky_enabled=&#8221;0&#8243;][\/et_pb_image][\/et_pb_column][et_pb_column _builder_version=&#8221;4.19.0&#8243; _module_preset=&#8221;default&#8221; type=&#8221;1_5&#8243;][\/et_pb_column][et_pb_column _builder_version=&#8221;4.19.0&#8243; _module_preset=&#8221;default&#8221; type=&#8221;1_5&#8243;][\/et_pb_column][et_pb_column _builder_version=&#8221;4.19.0&#8243; _module_preset=&#8221;default&#8221; type=&#8221;1_5&#8243;][\/et_pb_column][et_pb_column _builder_version=&#8221;4.19.0&#8243; _module_preset=&#8221;default&#8221; type=&#8221;1_5&#8243;][\/et_pb_column][\/et_pb_row][et_pb_row admin_label=&#8221;row&#8221; _builder_version=&#8221;4.16&#8243; background_size=&#8221;initial&#8221; background_position=&#8221;top_left&#8221; background_repeat=&#8221;repeat&#8221; global_colors_info=&#8221;{}&#8221;][et_pb_column type=&#8221;4_4&#8243; _builder_version=&#8221;4.16&#8243; custom_padding=&#8221;|||&#8221; global_colors_info=&#8221;{}&#8221; custom_padding__hover=&#8221;|||&#8221;][et_pb_gallery _builder_version=&#8221;4.19.0&#8243; _module_preset=&#8221;default&#8221; gallery_ids=&#8221;5116,5118,5120,5122,5124,5126,5128,5130&#8243; posts_number=&#8221;8&#8243; hover_enabled=&#8221;0&#8243; sticky_enabled=&#8221;0&#8243;][\/et_pb_gallery][\/et_pb_column][\/et_pb_row][\/et_pb_section]<\/p>\n","protected":false},"excerpt":{"rendered":"<p>Lapkri\u010dio 11 d. Neringa \u0161vent\u0117 savo gimtadien\u012f ir kviet\u0117 \u012fveikti \u201eKur\u0161i\u0173 nerijos pa\u0161to sto\u010di\u0173 mar\u0161rut\u0105\u201c. Tarptautiniame vert\u0117j\u0173 ir ra\u0161ytoj\u0173 centre \u012fsik\u016br\u0117 atvirlai\u0161ki\u0173 k\u016brimo dirbtuv\u0117s, kuri\u0173 metu edukator\u0117 Valdemara Butkevi\u010dien\u0117 kviet\u0117 dalyvius nupie\u0161ti Nidos aur\u0105. Savo \u012fsp\u016bd\u017eiais kaip ir kuo Nida \u012fkvepia dalinosi ir m\u016bs\u0173 rezidentas Lauris Gundars, projekto &#8220;Artist Residencies&#8221; stipendijos laim\u0117tojas. Jis pasid\u017eiaug\u0117, kad [&hellip;]<\/p>\n","protected":false},"author":8,"featured_media":5134,"comment_status":"open","ping_status":"open","sticky":false,"template":"","format":"standard","meta":{"_et_pb_use_builder":"on","_et_pb_old_content":"","_et_gb_content_width":"","slim_seo":{"title":"Rezidento penktadienis: k\u016brybai \u012fkvepianti Nidos aura - TVRC","description":"Lapkri\u010dio 11 d. Neringa \u0161vent\u0117 savo gimtadien\u012f ir kviet\u0117 \u012fveikti \u201eKur\u0161i\u0173 nerijos pa\u0161to sto\u010di\u0173 mar\u0161rut\u0105\u201c. Tarptautiniame vert\u0117j\u0173 ir ra\u0161ytoj\u0173 centre \u012fsik\u016br\u0117 atvir"},"iawp_total_views":6,"footnotes":""},"categories":[59],"tags":[174,211,168,78],"class_list":["post-6920","post","type-post","status-publish","format-standard","has-post-thumbnail","hentry","category-news-and-events","tag-artist-residencies-en","tag-ictw-en","tag-lauris-gundars-en","tag-neringa-en"],"_links":{"self":[{"href":"https:\/\/tvrc.lt\/en\/wp-json\/wp\/v2\/posts\/6920","targetHints":{"allow":["GET"]}}],"collection":[{"href":"https:\/\/tvrc.lt\/en\/wp-json\/wp\/v2\/posts"}],"about":[{"href":"https:\/\/tvrc.lt\/en\/wp-json\/wp\/v2\/types\/post"}],"author":[{"embeddable":true,"href":"https:\/\/tvrc.lt\/en\/wp-json\/wp\/v2\/users\/8"}],"replies":[{"embeddable":true,"href":"https:\/\/tvrc.lt\/en\/wp-json\/wp\/v2\/comments?post=6920"}],"version-history":[{"count":0,"href":"https:\/\/tvrc.lt\/en\/wp-json\/wp\/v2\/posts\/6920\/revisions"}],"wp:featuredmedia":[{"embeddable":true,"href":"https:\/\/tvrc.lt\/en\/wp-json\/wp\/v2\/media\/5134"}],"wp:attachment":[{"href":"https:\/\/tvrc.lt\/en\/wp-json\/wp\/v2\/media?parent=6920"}],"wp:term":[{"taxonomy":"category","embeddable":true,"href":"https:\/\/tvrc.lt\/en\/wp-json\/wp\/v2\/categories?post=6920"},{"taxonomy":"post_tag","embeddable":true,"href":"https:\/\/tvrc.lt\/en\/wp-json\/wp\/v2\/tags?post=6920"}],"curies":[{"name":"wp","href":"https:\/\/api.w.org\/{rel}","templated":true}]}}